{"id":444,"date":"2017-03-23T17:34:39","date_gmt":"2017-03-23T15:34:39","guid":{"rendered":"http:\/\/www.poeziedemama.com\/?p=444"},"modified":"2017-04-04T11:50:48","modified_gmt":"2017-04-04T09:50:48","slug":"culori-in-agonie","status":"publish","type":"post","link":"https:\/\/www.poeziedemama.com\/?p=444","title":{"rendered":"culori \u00een agonie"},"content":{"rendered":"<p>&nbsp;<\/p>\n<figure id=\"attachment_445\" aria-describedby=\"caption-attachment-445\" style=\"width: 216px\" class=\"wp-caption alignright\"><a href=\"http:\/\/www.poeziedemama.com\/wp-content\/uploads\/2017\/03\/WP_20150412_13_25_06_Pro-2.jpg\"><img loading=\"lazy\" decoding=\"async\" class=\"wp-image-445 size-medium\" src=\"http:\/\/www.poeziedemama.com\/wp-content\/uploads\/2017\/03\/WP_20150412_13_25_06_Pro-2-216x300.jpg\" alt=\"WP_20150412_13_25_06_Pro (2)\" width=\"216\" height=\"300\" srcset=\"https:\/\/www.poeziedemama.com\/wp-content\/uploads\/2017\/03\/WP_20150412_13_25_06_Pro-2-216x300.jpg 216w, https:\/\/www.poeziedemama.com\/wp-content\/uploads\/2017\/03\/WP_20150412_13_25_06_Pro-2-768x1065.jpg 768w, https:\/\/www.poeziedemama.com\/wp-content\/uploads\/2017\/03\/WP_20150412_13_25_06_Pro-2-700x971.jpg 700w, https:\/\/www.poeziedemama.com\/wp-content\/uploads\/2017\/03\/WP_20150412_13_25_06_Pro-2-800x1110.jpg 800w, https:\/\/www.poeziedemama.com\/wp-content\/uploads\/2017\/03\/WP_20150412_13_25_06_Pro-2.jpg 974w\" sizes=\"auto, (max-width: 216px) 100vw, 216px\" \/><\/a><figcaption id=\"caption-attachment-445\" class=\"wp-caption-text\">Foto: Arhiv\u0103 personal\u0103 \u00a0 \u00a0 \u00a0 \u00a0 \u00a0 \u00a0 Copil Culoare Oare Doare<\/figcaption><\/figure>\n<p>mi s-a pierdut o ureche<br \/>\nun ochi<br \/>\ncum am l\u0103sat o privire nepictat\u0103<\/p>\n<p style=\"text-align: left;\">dor mi se face violet<br \/>\ncu degetele \u0163i-a\u015f vorbi cu verde<br \/>\ncu ochii \u00eenc\u0103rca\u0163i de albastru<br \/>\nnumai s\u0103 \u015ftiu<br \/>\nc\u0103 nu \u00eemi vei lua<br \/>\nz\u00e2mbetul curcubeului<\/p>\n<p>&nbsp;<\/p>\n<p>&nbsp;<\/p>\n<p>&nbsp;<\/p>\n<p>&nbsp;<\/p>\n","protected":false},"excerpt":{"rendered":"<p>&nbsp; mi s-a pierdut o ureche un ochi cum am l\u0103sat o privire nepictat\u0103 dor mi se face violet cu degetele \u0163i-a\u015f vorbi cu verde cu ochii \u00eenc\u0103rca\u0163i de albastru numai s\u0103 \u015ftiu c\u0103 nu \u00eemi vei lua z\u00e2mbetul curcubeului &nbsp; &nbsp; &nbsp; &nbsp;<\/p>\n","protected":false},"author":1,"featured_media":0,"comment_status":"open","ping_status":"open","sticky":false,"template":"","format":"standard","meta":{"_s2mail":"yes","footnotes":""},"categories":[1],"tags":[],"class_list":["post-444","post","type-post","status-publish","format-standard","hentry","category-poezii"],"_links":{"self":[{"href":"https:\/\/www.poeziedemama.com\/index.php?rest_route=\/wp\/v2\/posts\/444","targetHints":{"allow":["GET"]}}],"collection":[{"href":"https:\/\/www.poeziedemama.com\/index.php?rest_route=\/wp\/v2\/posts"}],"about":[{"href":"https:\/\/www.poeziedemama.com\/index.php?rest_route=\/wp\/v2\/types\/post"}],"author":[{"embeddable":true,"href":"https:\/\/www.poeziedemama.com\/index.php?rest_route=\/wp\/v2\/users\/1"}],"replies":[{"embeddable":true,"href":"https:\/\/www.poeziedemama.com\/index.php?rest_route=%2Fwp%2Fv2%2Fcomments&post=444"}],"version-history":[{"count":19,"href":"https:\/\/www.poeziedemama.com\/index.php?rest_route=\/wp\/v2\/posts\/444\/revisions"}],"predecessor-version":[{"id":474,"href":"https:\/\/www.poeziedemama.com\/index.php?rest_route=\/wp\/v2\/posts\/444\/revisions\/474"}],"wp:attachment":[{"href":"https:\/\/www.poeziedemama.com\/index.php?rest_route=%2Fwp%2Fv2%2Fmedia&parent=444"}],"wp:term":[{"taxonomy":"category","embeddable":true,"href":"https:\/\/www.poeziedemama.com\/index.php?rest_route=%2Fwp%2Fv2%2Fcategories&post=444"},{"taxonomy":"post_tag","embeddable":true,"href":"https:\/\/www.poeziedemama.com\/index.php?rest_route=%2Fwp%2Fv2%2Ftags&post=444"}],"curies":[{"name":"wp","href":"https:\/\/api.w.org\/{rel}","templated":true}]}}