{"id":481,"date":"2017-10-10T19:08:44","date_gmt":"2017-10-10T17:08:44","guid":{"rendered":"http:\/\/www.poeziedemama.com\/?p=481"},"modified":"2017-10-12T14:45:41","modified_gmt":"2017-10-12T12:45:41","slug":"balladesque-2","status":"publish","type":"post","link":"https:\/\/www.poeziedemama.com\/?p=481","title":{"rendered":"balladesque"},"content":{"rendered":"<p class=\"alignnone\" title=\"Leonid Afremov, The music of the Fall\">m-am legat cu toamna iar la ochi<a href=\"http:\/\/www.poeziedemama.com\/wp-content\/uploads\/2017\/10\/THE-MUSIC-OF-THE-FALL.jpg\"><img loading=\"lazy\" decoding=\"async\" class=\"alignright size-medium wp-image-482\" src=\"http:\/\/www.poeziedemama.com\/wp-content\/uploads\/2017\/10\/THE-MUSIC-OF-THE-FALL-173x300.jpg\" alt=\"THE MUSIC OF THE FALL\" width=\"173\" height=\"300\" srcset=\"https:\/\/www.poeziedemama.com\/wp-content\/uploads\/2017\/10\/THE-MUSIC-OF-THE-FALL-173x300.jpg 173w, https:\/\/www.poeziedemama.com\/wp-content\/uploads\/2017\/10\/THE-MUSIC-OF-THE-FALL-700x1213.jpg 700w, https:\/\/www.poeziedemama.com\/wp-content\/uploads\/2017\/10\/THE-MUSIC-OF-THE-FALL.jpg 720w\" sizes=\"auto, (max-width: 173px) 100vw, 173px\" \/><\/a><br \/>\nsuflete ce \u0163ii \u00een tine firea<br \/>\nhai s\u0103 vezi brumar cum scald\u0103 vie\u0163i<br \/>\nstr\u0103in\u00e2ndu-ne sim\u0163irea<\/p>\n<p>nu mai suntem toamn\u0103 nici m\u0103car<br \/>\nnu mai suntem vi\u0163a rodnic\u0103 din vie<br \/>\nsuntem suflete-ofilite pe-un altar<br \/>\nruginind de ap\u0103 vie<\/p>\n<p>nu mai suntem nici ce-am vrea s\u0103 fim<br \/>\nfini culeg\u0103tori de vie\u0163i \u00een co\u015f de vie<br \/>\nsuntem min\u0163i brumate de zugravi<br \/>\nsuntem pa\u015fi uita\u0163i prin ve\u015fnicie<\/p>\n<p>nu mai suntem nu mai vrem s\u0103 fim<br \/>\ndoruri luminate de t\u0103rie<br \/>\nsuntem inorogii orbi f\u0103r\u0103 lumini<br \/>\nce-au uitat prin lumea mea s\u0103 vie<\/p>\n<p>nu mai vrem iubire ce s\u0103 rup\u0103 vrerea<br \/>\nvrem pove\u015fti banale ale altor inimi<br \/>\nce-au min\u0163it cuvinte \u015fi-au privit t\u0103cerea<br \/>\nca pe-o ambuscad\u0103-a propriei micimi<\/p>\n<p>suflete prin toamna ce r\u0103zbate<br \/>\nnicio adiere nu te r\u0103sfrunze\u015fte<br \/>\nc\u00e2nd uitarea te p\u0103c\u0103tuie\u015fte-a moarte<br \/>\nte \u00eendemn: \u015fi-acum curat iube\u015fte<\/p>\n","protected":false},"excerpt":{"rendered":"<p>m-am legat cu toamna iar la ochi suflete ce \u0163ii \u00een tine firea hai s\u0103 vezi brumar cum scald\u0103 vie\u0163i str\u0103in\u00e2ndu-ne sim\u0163irea nu mai suntem toamn\u0103 nici m\u0103car nu mai suntem vi\u0163a rodnic\u0103 din vie suntem suflete-ofilite pe-un altar ruginind de ap\u0103 vie nu mai suntem nici ce-am vrea s\u0103 fim fini culeg\u0103tori de vie\u0163i&#8230;<\/p>\n","protected":false},"author":1,"featured_media":0,"comment_status":"open","ping_status":"open","sticky":false,"template":"","format":"standard","meta":{"_s2mail":"yes","footnotes":""},"categories":[1],"tags":[],"class_list":["post-481","post","type-post","status-publish","format-standard","hentry","category-poezii"],"_links":{"self":[{"href":"https:\/\/www.poeziedemama.com\/index.php?rest_route=\/wp\/v2\/posts\/481","targetHints":{"allow":["GET"]}}],"collection":[{"href":"https:\/\/www.poeziedemama.com\/index.php?rest_route=\/wp\/v2\/posts"}],"about":[{"href":"https:\/\/www.poeziedemama.com\/index.php?rest_route=\/wp\/v2\/types\/post"}],"author":[{"embeddable":true,"href":"https:\/\/www.poeziedemama.com\/index.php?rest_route=\/wp\/v2\/users\/1"}],"replies":[{"embeddable":true,"href":"https:\/\/www.poeziedemama.com\/index.php?rest_route=%2Fwp%2Fv2%2Fcomments&post=481"}],"version-history":[{"count":4,"href":"https:\/\/www.poeziedemama.com\/index.php?rest_route=\/wp\/v2\/posts\/481\/revisions"}],"predecessor-version":[{"id":486,"href":"https:\/\/www.poeziedemama.com\/index.php?rest_route=\/wp\/v2\/posts\/481\/revisions\/486"}],"wp:attachment":[{"href":"https:\/\/www.poeziedemama.com\/index.php?rest_route=%2Fwp%2Fv2%2Fmedia&parent=481"}],"wp:term":[{"taxonomy":"category","embeddable":true,"href":"https:\/\/www.poeziedemama.com\/index.php?rest_route=%2Fwp%2Fv2%2Fcategories&post=481"},{"taxonomy":"post_tag","embeddable":true,"href":"https:\/\/www.poeziedemama.com\/index.php?rest_route=%2Fwp%2Fv2%2Ftags&post=481"}],"curies":[{"name":"wp","href":"https:\/\/api.w.org\/{rel}","templated":true}]}}