{"id":588,"date":"2019-11-16T12:39:26","date_gmt":"2019-11-16T10:39:26","guid":{"rendered":"http:\/\/www.poeziedemama.com\/?p=588"},"modified":"2019-12-09T11:57:27","modified_gmt":"2019-12-09T09:57:27","slug":"despartire","status":"publish","type":"post","link":"https:\/\/www.poeziedemama.com\/?p=588","title":{"rendered":"Desp\u0103r\u021bire"},"content":{"rendered":"\n<div class=\"wp-block-group\"><div class=\"wp-block-group__inner-container is-layout-flow wp-block-group-is-layout-flow\">\n<pre class=\"wp-block-preformatted\">Traducere din  Erich Fried (\u22c71921, Viena - \u2020 1988, Baden-Baden)\n \n\n Prima zi a fost u\u0219oar\u0103                         \n a doua a fost mai grea\n A treia a fost mai grea dec\u00e2t a doua\n Din zi \u00een zi tot mai greu\n A \u0219aptea zi a fost a\u0219a de grea\n c\u0103 p\u0103rea c\u0103 n-o voi putea \u00eendura\n Dup\u0103 aceast\u0103 a \u0219aptea zi\n dorul m\u0103 cuprinde deja.\n\n                                             <img loading=\"lazy\" decoding=\"async\" width=\"150\" height=\"142\" class=\"wp-image-589\" style=\"width: 150px;\" src=\"http:\/\/www.poeziedemama.com\/wp-content\/uploads\/2019\/11\/images.jpg\" alt=\"\"\/>\n &nbsp;  <\/pre>\n<\/div><\/div>\n","protected":false},"excerpt":{"rendered":"<p>Traducere din Erich Fried (\u22c71921, Viena &#8211; \u2020 1988, Baden-Baden) Prima zi a fost u\u0219oar\u0103 a doua a fost mai grea A treia a fost mai grea dec\u00e2t a doua Din zi \u00een zi tot mai greu A \u0219aptea zi a fost a\u0219a de grea c\u0103 p\u0103rea c\u0103 n-o voi putea \u00eendura Dup\u0103 aceast\u0103 a&#8230;<\/p>\n","protected":false},"author":1,"featured_media":0,"comment_status":"open","ping_status":"open","sticky":false,"template":"","format":"standard","meta":{"_s2mail":"yes","footnotes":""},"categories":[129],"tags":[],"class_list":["post-588","post","type-post","status-publish","format-standard","hentry","category-traduceri"],"_links":{"self":[{"href":"https:\/\/www.poeziedemama.com\/index.php?rest_route=\/wp\/v2\/posts\/588","targetHints":{"allow":["GET"]}}],"collection":[{"href":"https:\/\/www.poeziedemama.com\/index.php?rest_route=\/wp\/v2\/posts"}],"about":[{"href":"https:\/\/www.poeziedemama.com\/index.php?rest_route=\/wp\/v2\/types\/post"}],"author":[{"embeddable":true,"href":"https:\/\/www.poeziedemama.com\/index.php?rest_route=\/wp\/v2\/users\/1"}],"replies":[{"embeddable":true,"href":"https:\/\/www.poeziedemama.com\/index.php?rest_route=%2Fwp%2Fv2%2Fcomments&post=588"}],"version-history":[{"count":10,"href":"https:\/\/www.poeziedemama.com\/index.php?rest_route=\/wp\/v2\/posts\/588\/revisions"}],"predecessor-version":[{"id":612,"href":"https:\/\/www.poeziedemama.com\/index.php?rest_route=\/wp\/v2\/posts\/588\/revisions\/612"}],"wp:attachment":[{"href":"https:\/\/www.poeziedemama.com\/index.php?rest_route=%2Fwp%2Fv2%2Fmedia&parent=588"}],"wp:term":[{"taxonomy":"category","embeddable":true,"href":"https:\/\/www.poeziedemama.com\/index.php?rest_route=%2Fwp%2Fv2%2Fcategories&post=588"},{"taxonomy":"post_tag","embeddable":true,"href":"https:\/\/www.poeziedemama.com\/index.php?rest_route=%2Fwp%2Fv2%2Ftags&post=588"}],"curies":[{"name":"wp","href":"https:\/\/api.w.org\/{rel}","templated":true}]}}